{"id":307,"date":"2024-04-06T18:44:21","date_gmt":"2024-04-06T18:44:21","guid":{"rendered":"https:\/\/atletismoplayamelilla.com\/?p=307"},"modified":"2024-04-06T18:44:31","modified_gmt":"2024-04-06T18:44:31","slug":"cmpeonato-de-espana-campo-a-traves-sub-16-18-getafe-feb","status":"publish","type":"post","link":"https:\/\/atletismoplayamelilla.com\/?p=307","title":{"rendered":"CAMPEONATO DE ESPA\u00d1A CAMPO A TRAV\u00c9S SUB 16-18 GETAFE feb"},"content":{"rendered":"\n<p>Una gran jornada de atletismo la que se ha vivido en el Cerro de los \u00c1ngeles de Getafe con la celebraci\u00f3n del Campeonato de Espa\u00f1a de Selecciones Auton\u00f3micas Sub-16 y Sub-18 e inclusivo de campo a trav\u00e9s organizado por la Real Federaci\u00f3n Espa\u00f1ola de Atletismo y el Consejo Superior de Deportes. La Federaci\u00f3n Gallega&nbsp; ha sido la gran triunfadora de esta edici\u00f3n, logrando los cuatro&nbsp; t\u00edtulos masculino y femenino categor\u00edas sub16 y sub18.&nbsp;<\/p>\n\n\n\n<p>Un total de 1045 atletas (541 hombres y 504 mujeres) de 18 federaciones auton\u00f3micas han disputado esta competici\u00f3n.<\/p>\n\n\n\n<p>Para los sub 16 la prueba contaba con 4.067 m de recorrido en un circuito lleno de subidas y bajadas en el que no paras de subir y bajar m\u00e1s de la mitad del circuito de 2000 m. por vuelta y que han hecho las delicias del numeroso p\u00fablico.<\/p>\n\n\n\n<p>La atleta del nuestro Club,\u00a0 Luc\u00eda Faus  lograba clasificarse en el puesto 28 de la general y d\u00e9cima entre las corredoras del 2010 con un tiempo de 16:59<\/p>\n\n\n\n<p>Los chicos sub16 formaban equipo con Rayan Mohamed,\u00a0 Alejandro Herrero, Crist\u00f3bal Luque, Saadik Abdel Lah y Jos\u00e9 Mar\u00eda Vereda se clasific\u00e1ndose en el puesto 18 por comunidades<\/p>\n\n\n\n<p>El alto nivel de la competici\u00f3n no dejaba de sorprender al p\u00fablico y en la prueba sub 18 tanto masculina como femenina se marcaron grandes ritmos sobre los 4.961 metros de su circuito. Nuestra representante femenina Sheyla Moh se clasificaba en el puesto 82 con un tiempo de 22:16 y en masculino Ouzman Ben Al lal llegaba en el puesto 94 con un tiempo de 19:37<\/p>\n\n\n\n<figure class=\"wp-block-gallery has-nested-images columns-default is-cropped wp-block-gallery-1 is-layout-flex wp-block-gallery-is-layout-flex\">\n<figure class=\"wp-block-image size-large\"><img loading=\"lazy\" decoding=\"async\" width=\"461\" height=\"1024\" data-id=\"308\" src=\"https:\/\/atletismoplayamelilla.com\/wp-content\/uploads\/2024\/04\/equipo-sub16-masc-461x1024.jpg\" alt=\"\" class=\"wp-image-308\" srcset=\"https:\/\/atletismoplayamelilla.com\/wp-content\/uploads\/2024\/04\/equipo-sub16-masc-461x1024.jpg 461w, https:\/\/atletismoplayamelilla.com\/wp-content\/uploads\/2024\/04\/equipo-sub16-masc-135x300.jpg 135w, https:\/\/atletismoplayamelilla.com\/wp-content\/uploads\/2024\/04\/equipo-sub16-masc-768x1707.jpg 768w, https:\/\/atletismoplayamelilla.com\/wp-content\/uploads\/2024\/04\/equipo-sub16-masc-691x1536.jpg 691w, https:\/\/atletismoplayamelilla.com\/wp-content\/uploads\/2024\/04\/equipo-sub16-masc.jpg 900w\" sizes=\"auto, (max-width: 461px) 100vw, 461px\" \/><\/figure>\n\n\n\n<figure class=\"wp-block-image size-large\"><img loading=\"lazy\" decoding=\"async\" width=\"461\" height=\"1024\" data-id=\"309\" src=\"https:\/\/atletismoplayamelilla.com\/wp-content\/uploads\/2024\/04\/equpo-sub-16-fen--461x1024.jpg\" alt=\"\" class=\"wp-image-309\" srcset=\"https:\/\/atletismoplayamelilla.com\/wp-content\/uploads\/2024\/04\/equpo-sub-16-fen--461x1024.jpg 461w, https:\/\/atletismoplayamelilla.com\/wp-content\/uploads\/2024\/04\/equpo-sub-16-fen--135x300.jpg 135w, https:\/\/atletismoplayamelilla.com\/wp-content\/uploads\/2024\/04\/equpo-sub-16-fen--768x1707.jpg 768w, https:\/\/atletismoplayamelilla.com\/wp-content\/uploads\/2024\/04\/equpo-sub-16-fen--691x1536.jpg 691w, https:\/\/atletismoplayamelilla.com\/wp-content\/uploads\/2024\/04\/equpo-sub-16-fen-.jpg 900w\" sizes=\"auto, (max-width: 461px) 100vw, 461px\" \/><\/figure>\n\n\n\n<figure class=\"wp-block-image size-large\"><img loading=\"lazy\" decoding=\"async\" width=\"585\" height=\"1024\" data-id=\"312\" src=\"https:\/\/atletismoplayamelilla.com\/wp-content\/uploads\/2024\/04\/getafe-ouzman-sub-18-585x1024.jpg\" alt=\"\" class=\"wp-image-312\" srcset=\"https:\/\/atletismoplayamelilla.com\/wp-content\/uploads\/2024\/04\/getafe-ouzman-sub-18-585x1024.jpg 585w, https:\/\/atletismoplayamelilla.com\/wp-content\/uploads\/2024\/04\/getafe-ouzman-sub-18-171x300.jpg 171w, https:\/\/atletismoplayamelilla.com\/wp-content\/uploads\/2024\/04\/getafe-ouzman-sub-18-768x1345.jpg 768w, https:\/\/atletismoplayamelilla.com\/wp-content\/uploads\/2024\/04\/getafe-ouzman-sub-18-877x1536.jpg 877w, https:\/\/atletismoplayamelilla.com\/wp-content\/uploads\/2024\/04\/getafe-ouzman-sub-18-1024x1793.jpg 1024w, https:\/\/atletismoplayamelilla.com\/wp-content\/uploads\/2024\/04\/getafe-ouzman-sub-18.jpg 1086w\" sizes=\"auto, (max-width: 585px) 100vw, 585px\" \/><\/figure>\n\n\n\n<figure class=\"wp-block-image size-large\"><img loading=\"lazy\" decoding=\"async\" width=\"632\" height=\"1024\" data-id=\"310\" src=\"https:\/\/atletismoplayamelilla.com\/wp-content\/uploads\/2024\/04\/lucia-faus-632x1024.jpg\" alt=\"\" class=\"wp-image-310\" srcset=\"https:\/\/atletismoplayamelilla.com\/wp-content\/uploads\/2024\/04\/lucia-faus-632x1024.jpg 632w, https:\/\/atletismoplayamelilla.com\/wp-content\/uploads\/2024\/04\/lucia-faus-185x300.jpg 185w, https:\/\/atletismoplayamelilla.com\/wp-content\/uploads\/2024\/04\/lucia-faus-768x1244.jpg 768w, https:\/\/atletismoplayamelilla.com\/wp-content\/uploads\/2024\/04\/lucia-faus-948x1536.jpg 948w, https:\/\/atletismoplayamelilla.com\/wp-content\/uploads\/2024\/04\/lucia-faus-1024x1659.jpg 1024w, https:\/\/atletismoplayamelilla.com\/wp-content\/uploads\/2024\/04\/lucia-faus.jpg 1264w\" sizes=\"auto, (max-width: 632px) 100vw, 632px\" \/><\/figure>\n\n\n\n<figure class=\"wp-block-image size-large\"><img loading=\"lazy\" decoding=\"async\" width=\"461\" height=\"1024\" data-id=\"311\" src=\"https:\/\/atletismoplayamelilla.com\/wp-content\/uploads\/2024\/04\/shaeyla-sub-18-461x1024.jpg\" alt=\"\" class=\"wp-image-311\" srcset=\"https:\/\/atletismoplayamelilla.com\/wp-content\/uploads\/2024\/04\/shaeyla-sub-18-461x1024.jpg 461w, https:\/\/atletismoplayamelilla.com\/wp-content\/uploads\/2024\/04\/shaeyla-sub-18-135x300.jpg 135w, https:\/\/atletismoplayamelilla.com\/wp-content\/uploads\/2024\/04\/shaeyla-sub-18-768x1707.jpg 768w, https:\/\/atletismoplayamelilla.com\/wp-content\/uploads\/2024\/04\/shaeyla-sub-18-691x1536.jpg 691w, https:\/\/atletismoplayamelilla.com\/wp-content\/uploads\/2024\/04\/shaeyla-sub-18.jpg 900w\" sizes=\"auto, (max-width: 461px) 100vw, 461px\" \/><\/figure>\n<\/figure>\n","protected":false},"excerpt":{"rendered":"<p>Una gran jornada de atletismo la que se ha vivido<\/p>\n","protected":false},"author":1,"featured_media":0,"comment_status":"closed","ping_status":"","sticky":false,"template":"","format":"standard","meta":{"footnotes":""},"categories":[1],"tags":[],"class_list":["post-307","post","type-post","status-publish","format-standard","hentry","category-uncategorized"],"_links":{"self":[{"href":"https:\/\/atletismoplayamelilla.com\/index.php?rest_route=\/wp\/v2\/posts\/307","targetHints":{"allow":["GET"]}}],"collection":[{"href":"https:\/\/atletismoplayamelilla.com\/index.php?rest_route=\/wp\/v2\/posts"}],"about":[{"href":"https:\/\/atletismoplayamelilla.com\/index.php?rest_route=\/wp\/v2\/types\/post"}],"author":[{"embeddable":true,"href":"https:\/\/atletismoplayamelilla.com\/index.php?rest_route=\/wp\/v2\/users\/1"}],"replies":[{"embeddable":true,"href":"https:\/\/atletismoplayamelilla.com\/index.php?rest_route=%2Fwp%2Fv2%2Fcomments&post=307"}],"version-history":[{"count":2,"href":"https:\/\/atletismoplayamelilla.com\/index.php?rest_route=\/wp\/v2\/posts\/307\/revisions"}],"predecessor-version":[{"id":314,"href":"https:\/\/atletismoplayamelilla.com\/index.php?rest_route=\/wp\/v2\/posts\/307\/revisions\/314"}],"wp:attachment":[{"href":"https:\/\/atletismoplayamelilla.com\/index.php?rest_route=%2Fwp%2Fv2%2Fmedia&parent=307"}],"wp:term":[{"taxonomy":"category","embeddable":true,"href":"https:\/\/atletismoplayamelilla.com\/index.php?rest_route=%2Fwp%2Fv2%2Fcategories&post=307"},{"taxonomy":"post_tag","embeddable":true,"href":"https:\/\/atletismoplayamelilla.com\/index.php?rest_route=%2Fwp%2Fv2%2Ftags&post=307"}],"curies":[{"name":"wp","href":"https:\/\/api.w.org\/{rel}","templated":true}]}}