{"id":315,"date":"2024-04-06T18:53:00","date_gmt":"2024-04-06T18:53:00","guid":{"rendered":"https:\/\/atletismoplayamelilla.com\/?p=315"},"modified":"2024-04-06T18:53:00","modified_gmt":"2024-04-06T18:53:00","slug":"cross-febrero-trofeo-la-hipica","status":"publish","type":"post","link":"https:\/\/atletismoplayamelilla.com\/?p=315","title":{"rendered":"CROSS FEBRERO TROFEO LA H\u00cdPICA"},"content":{"rendered":"\n<p>En la categor\u00eda sub 6 venc\u00eda Javier G\u00f3mez Dom\u00ednguez seguido de Gael Invern\u00f3n y Marco S\u00e1nchez siendo la primera chica Lara moreno seguida de Ana Vidal.<\/p>\n\n\n\n<p>Damir Ahmed venc\u00eda en sub 8 con un tiempo de 5\u201930\u2019\u2019 en los 1.100 m del recorrido. En la categor\u00eda sub 10 Susana Palomo se impon\u00eda con un tiempo de 5\u201908\u2019\u2019 e Ilian Mohamed lo hac\u00eda en la prueba masculina con 5\u201904\u2019\u2019 ambos sobre una distancia de 1.100 m.<\/p>\n\n\n\n<p>Ya en la categor\u00eda sub 12 sobre un recorrido de 1.600 m Zaira Mohamed venc\u00eda con un tiempo de 6\u201954\u2019\u2019 y &nbsp;Fernando Rioja ser\u00eda el vencedor en la carrera masculina con un tiempo de 7\u201913\u2019\u2019.<\/p>\n\n\n\n<p>La categor\u00eda sub 14 ten\u00eda como vencedores a Blanca 14\u201906\u2019\u2019 Gisbert&nbsp; y \u00c1ngel Ruiz Serrano vencedor masculino &nbsp;lo hac\u00eda en 13\u201902\u2019\u2019 sobre un recorrido de 3.150 m<\/p>\n\n\n\n<p>Para los sub 16 la distancia a recorrer era de 4.700 m imponi\u00e9ndose en la categor\u00eda femenina Lucia Faus 20\u201930\u2019\u2019 y Rayan Mohamed El Founti&nbsp; 19\u201934\u2019\u2019<\/p>\n\n\n\n<p>Con una distancia de 5.200 m en su carrera, venc\u00eda en sub 18 Ouzman Ben Al Lal con un tiempo de 19\u201909\u2019\u2019<\/p>\n\n\n\n<p>La \u00faltima carrera con 6.250 m para sub 20 s\u00e9nior y veteranos tuvo los siguientes vencedores: Billal Aberkan en sub 23 Alba Caballero y Enrique G\u00f3mez en s\u00e9nior y Desir\u00e9 Sarria y Antonio dela Fuente en veteranos<\/p>\n\n\n\n<div data-wp-interactive=\"core\/file\" class=\"wp-block-file\"><object data-wp-bind--hidden=\"!state.hasPdfPreview\" hidden class=\"wp-block-file__embed\" data=\"https:\/\/atletismoplayamelilla.com\/wp-content\/uploads\/2024\/04\/CROSS-17-FEB-24.pdf\" type=\"application\/pdf\" style=\"width:100%;height:600px\" aria-label=\"Incrustado de CROSS-17-FEB-24.\"><\/object><a id=\"wp-block-file--media-7bcbc668-0860-40c1-b909-fa5e69307b12\" href=\"https:\/\/atletismoplayamelilla.com\/wp-content\/uploads\/2024\/04\/CROSS-17-FEB-24.pdf\">CROSS-17-FEB-24<\/a><a href=\"https:\/\/atletismoplayamelilla.com\/wp-content\/uploads\/2024\/04\/CROSS-17-FEB-24.pdf\" class=\"wp-block-file__button wp-element-button\" download aria-describedby=\"wp-block-file--media-7bcbc668-0860-40c1-b909-fa5e69307b12\">Descarga<\/a><\/div>\n\n\n\n<figure class=\"wp-block-gallery has-nested-images columns-default is-cropped wp-block-gallery-1 is-layout-flex wp-block-gallery-is-layout-flex\">\n<figure class=\"wp-block-image size-large\"><img loading=\"lazy\" decoding=\"async\" width=\"1024\" height=\"461\" data-id=\"319\" src=\"https:\/\/atletismoplayamelilla.com\/wp-content\/uploads\/2024\/04\/sub-6-1024x461.jpg\" alt=\"\" class=\"wp-image-319\" srcset=\"https:\/\/atletismoplayamelilla.com\/wp-content\/uploads\/2024\/04\/sub-6-1024x461.jpg 1024w, https:\/\/atletismoplayamelilla.com\/wp-content\/uploads\/2024\/04\/sub-6-300x135.jpg 300w, https:\/\/atletismoplayamelilla.com\/wp-content\/uploads\/2024\/04\/sub-6-768x346.jpg 768w, https:\/\/atletismoplayamelilla.com\/wp-content\/uploads\/2024\/04\/sub-6-1536x691.jpg 1536w, https:\/\/atletismoplayamelilla.com\/wp-content\/uploads\/2024\/04\/sub-6.jpg 2000w\" sizes=\"auto, (max-width: 1024px) 100vw, 1024px\" \/><\/figure>\n\n\n\n<figure class=\"wp-block-image size-large\"><img loading=\"lazy\" decoding=\"async\" width=\"1024\" height=\"768\" data-id=\"320\" src=\"https:\/\/atletismoplayamelilla.com\/wp-content\/uploads\/2024\/04\/sub-16-1-1024x768.jpg\" alt=\"\" class=\"wp-image-320\" srcset=\"https:\/\/atletismoplayamelilla.com\/wp-content\/uploads\/2024\/04\/sub-16-1-1024x768.jpg 1024w, https:\/\/atletismoplayamelilla.com\/wp-content\/uploads\/2024\/04\/sub-16-1-300x225.jpg 300w, https:\/\/atletismoplayamelilla.com\/wp-content\/uploads\/2024\/04\/sub-16-1-768x576.jpg 768w, https:\/\/atletismoplayamelilla.com\/wp-content\/uploads\/2024\/04\/sub-16-1-1536x1152.jpg 1536w, https:\/\/atletismoplayamelilla.com\/wp-content\/uploads\/2024\/04\/sub-16-1.jpg 1600w\" sizes=\"auto, (max-width: 1024px) 100vw, 1024px\" \/><\/figure>\n<\/figure>\n\n\n\n<p><\/p>\n","protected":false},"excerpt":{"rendered":"<p>En la categor\u00eda sub 6 venc\u00eda Javier G\u00f3mez Dom\u00ednguez seguido<\/p>\n","protected":false},"author":1,"featured_media":0,"comment_status":"closed","ping_status":"","sticky":false,"template":"","format":"standard","meta":{"footnotes":""},"categories":[1],"tags":[],"class_list":["post-315","post","type-post","status-publish","format-standard","hentry","category-uncategorized"],"_links":{"self":[{"href":"https:\/\/atletismoplayamelilla.com\/index.php?rest_route=\/wp\/v2\/posts\/315","targetHints":{"allow":["GET"]}}],"collection":[{"href":"https:\/\/atletismoplayamelilla.com\/index.php?rest_route=\/wp\/v2\/posts"}],"about":[{"href":"https:\/\/atletismoplayamelilla.com\/index.php?rest_route=\/wp\/v2\/types\/post"}],"author":[{"embeddable":true,"href":"https:\/\/atletismoplayamelilla.com\/index.php?rest_route=\/wp\/v2\/users\/1"}],"replies":[{"embeddable":true,"href":"https:\/\/atletismoplayamelilla.com\/index.php?rest_route=%2Fwp%2Fv2%2Fcomments&post=315"}],"version-history":[{"count":1,"href":"https:\/\/atletismoplayamelilla.com\/index.php?rest_route=\/wp\/v2\/posts\/315\/revisions"}],"predecessor-version":[{"id":321,"href":"https:\/\/atletismoplayamelilla.com\/index.php?rest_route=\/wp\/v2\/posts\/315\/revisions\/321"}],"wp:attachment":[{"href":"https:\/\/atletismoplayamelilla.com\/index.php?rest_route=%2Fwp%2Fv2%2Fmedia&parent=315"}],"wp:term":[{"taxonomy":"category","embeddable":true,"href":"https:\/\/atletismoplayamelilla.com\/index.php?rest_route=%2Fwp%2Fv2%2Fcategories&post=315"},{"taxonomy":"post_tag","embeddable":true,"href":"https:\/\/atletismoplayamelilla.com\/index.php?rest_route=%2Fwp%2Fv2%2Ftags&post=315"}],"curies":[{"name":"wp","href":"https:\/\/api.w.org\/{rel}","templated":true}]}}