{"id":329,"date":"2024-04-06T19:11:06","date_gmt":"2024-04-06T19:11:06","guid":{"rendered":"https:\/\/atletismoplayamelilla.com\/?p=329"},"modified":"2024-04-06T19:16:43","modified_gmt":"2024-04-06T19:16:43","slug":"carranque-control-feb","status":"publish","type":"post","link":"https:\/\/atletismoplayamelilla.com\/?p=329","title":{"rendered":"CARRANQUE CONTROL FEB"},"content":{"rendered":"\n<p>Nos hemos  desplazado con el patrocinio de Trasmediterr\u00e1nea y la Consejer\u00eda de Deportes a M\u00e1laga para tomar parte en el control de marcas que la Federaci\u00f3n Andaluza ha organizado este s\u00e1bado en las pista de Carranque.<\/p>\n\n\n\n<p>MARCHA<\/p>\n\n\n\n<p>Mejor no pudo ir la sesi\u00f3n ya que en la primera prueba el marchador Pelayo Casta\u00f1o marcaba un registro de 10\u201917\u2019\u2019 en los 2.000 m marcha, lo que supone una mejor marca personal y un gran paso para entrar entre los 16 mejores que acudir\u00e1n al nacional sub 14.<\/p>\n\n\n\n<p>MEDIO FONDO<\/p>\n\n\n\n<p>El segundo envite era para nuestro mediofondista Alejandro Herrero en la prueba de 1.000 m lisos y que partiendo de una marca personal de 2\u201951\u2019\u2019 la rebaj\u00f3 hasta parar el cron\u00f3metro en un excelente 2\u201947\u2019\u2019 marca personal y un gran logro.<\/p>\n\n\n\n<p>Llegaba el turno de una de las pruebas m\u00e1s dif\u00edciles de afrontar, los 800 m lisos y en la que Ouzman Ben Allal debutaba en la categor\u00eda sub 18 su marca de 2\u201911\u2019\u2019 es un muy buen comienzo de temporada.<\/p>\n\n\n\n<p>SALTOS<\/p>\n\n\n\n<p>La longitud ten\u00eda como participante a Juan David Enciso que saltaba 5,80 m despu\u00e9s de salir de una lesi\u00f3n que le ha tenido dos semanas sin poder entrenar pero mejorando los 5,48 de la temporada pasada.<\/p>\n\n\n\n<p>VELOCIDAD<\/p>\n\n\n\n<p>Terminaba la jornada con la prueba de 200 m femeninos con marcas de 28.80 para Ayat Atmani y 28.95 para Ana Bel\u00e9n Ruiz que tambi\u00e9n era la primera vez que se enfrentaba a esta prueba de velocidad.<\/p>\n\n\n\n<p>En definitiva muy buenos registros de los atletas del Club de Atletismo Playa de Melilla que ya prepara su pr\u00f3ximo desplazamiento en esta ocasi\u00f3n a Granada el 16 de este mismo mes.<\/p>\n\n\n\n<figure class=\"wp-block-gallery has-nested-images columns-default wp-block-gallery-1 is-layout-flex wp-block-gallery-is-layout-flex\">\n<figure class=\"wp-block-image size-large\"><img loading=\"lazy\" decoding=\"async\" width=\"1024\" height=\"683\" data-id=\"331\" src=\"https:\/\/atletismoplayamelilla.com\/wp-content\/uploads\/2024\/04\/IMG_0418-1024x683.jpg\" alt=\"\" class=\"wp-image-331\" srcset=\"https:\/\/atletismoplayamelilla.com\/wp-content\/uploads\/2024\/04\/IMG_0418-1024x683.jpg 1024w, https:\/\/atletismoplayamelilla.com\/wp-content\/uploads\/2024\/04\/IMG_0418-300x200.jpg 300w, https:\/\/atletismoplayamelilla.com\/wp-content\/uploads\/2024\/04\/IMG_0418-768x512.jpg 768w, https:\/\/atletismoplayamelilla.com\/wp-content\/uploads\/2024\/04\/IMG_0418-1536x1024.jpg 1536w, https:\/\/atletismoplayamelilla.com\/wp-content\/uploads\/2024\/04\/IMG_0418-2048x1365.jpg 2048w\" sizes=\"auto, (max-width: 1024px) 100vw, 1024px\" \/><\/figure>\n\n\n\n<figure class=\"wp-block-image size-medium\"><img loading=\"lazy\" decoding=\"async\" width=\"300\" height=\"200\" data-id=\"333\" src=\"https:\/\/atletismoplayamelilla.com\/wp-content\/uploads\/2024\/04\/IMG_0452-300x200.jpg\" alt=\"\" class=\"wp-image-333\" srcset=\"https:\/\/atletismoplayamelilla.com\/wp-content\/uploads\/2024\/04\/IMG_0452-300x200.jpg 300w, https:\/\/atletismoplayamelilla.com\/wp-content\/uploads\/2024\/04\/IMG_0452-1024x683.jpg 1024w, https:\/\/atletismoplayamelilla.com\/wp-content\/uploads\/2024\/04\/IMG_0452-768x512.jpg 768w, https:\/\/atletismoplayamelilla.com\/wp-content\/uploads\/2024\/04\/IMG_0452-1536x1024.jpg 1536w, https:\/\/atletismoplayamelilla.com\/wp-content\/uploads\/2024\/04\/IMG_0452-2048x1365.jpg 2048w\" sizes=\"auto, (max-width: 300px) 100vw, 300px\" \/><\/figure>\n\n\n\n<figure class=\"wp-block-image size-large\"><img loading=\"lazy\" decoding=\"async\" width=\"1024\" height=\"682\" data-id=\"334\" src=\"https:\/\/atletismoplayamelilla.com\/wp-content\/uploads\/2024\/04\/juan-david-1024x682.jpg\" alt=\"\" class=\"wp-image-334\" srcset=\"https:\/\/atletismoplayamelilla.com\/wp-content\/uploads\/2024\/04\/juan-david-1024x682.jpg 1024w, https:\/\/atletismoplayamelilla.com\/wp-content\/uploads\/2024\/04\/juan-david-300x200.jpg 300w, https:\/\/atletismoplayamelilla.com\/wp-content\/uploads\/2024\/04\/juan-david-768x512.jpg 768w, https:\/\/atletismoplayamelilla.com\/wp-content\/uploads\/2024\/04\/juan-david-1536x1023.jpg 1536w, https:\/\/atletismoplayamelilla.com\/wp-content\/uploads\/2024\/04\/juan-david.jpg 1600w\" sizes=\"auto, (max-width: 1024px) 100vw, 1024px\" \/><\/figure>\n\n\n\n<figure class=\"wp-block-image size-large\"><img loading=\"lazy\" decoding=\"async\" width=\"1066\" height=\"799\" data-id=\"337\" src=\"https:\/\/atletismoplayamelilla.com\/wp-content\/uploads\/2024\/04\/pelayo-castano-edited.jpg\" alt=\"\" class=\"wp-image-337\" srcset=\"https:\/\/atletismoplayamelilla.com\/wp-content\/uploads\/2024\/04\/pelayo-castano-edited.jpg 1066w, https:\/\/atletismoplayamelilla.com\/wp-content\/uploads\/2024\/04\/pelayo-castano-edited-300x225.jpg 300w, https:\/\/atletismoplayamelilla.com\/wp-content\/uploads\/2024\/04\/pelayo-castano-edited-1024x768.jpg 1024w, https:\/\/atletismoplayamelilla.com\/wp-content\/uploads\/2024\/04\/pelayo-castano-edited-768x576.jpg 768w\" sizes=\"auto, (max-width: 1066px) 100vw, 1066px\" \/><\/figure>\n\n\n\n<figure class=\"wp-block-image size-medium\"><img loading=\"lazy\" decoding=\"async\" width=\"200\" height=\"300\" data-id=\"332\" src=\"https:\/\/atletismoplayamelilla.com\/wp-content\/uploads\/2024\/04\/IMG_0426-200x300.jpg\" alt=\"\" class=\"wp-image-332\" srcset=\"https:\/\/atletismoplayamelilla.com\/wp-content\/uploads\/2024\/04\/IMG_0426-200x300.jpg 200w, https:\/\/atletismoplayamelilla.com\/wp-content\/uploads\/2024\/04\/IMG_0426-683x1024.jpg 683w, https:\/\/atletismoplayamelilla.com\/wp-content\/uploads\/2024\/04\/IMG_0426-768x1152.jpg 768w, https:\/\/atletismoplayamelilla.com\/wp-content\/uploads\/2024\/04\/IMG_0426-1024x1536.jpg 1024w, https:\/\/atletismoplayamelilla.com\/wp-content\/uploads\/2024\/04\/IMG_0426-1365x2048.jpg 1365w, https:\/\/atletismoplayamelilla.com\/wp-content\/uploads\/2024\/04\/IMG_0426-scaled.jpg 1707w\" sizes=\"auto, (max-width: 200px) 100vw, 200px\" \/><\/figure>\n<\/figure>\n","protected":false},"excerpt":{"rendered":"<p>Nos hemos desplazado con el patrocinio de Trasmediterr\u00e1nea y la<\/p>\n","protected":false},"author":1,"featured_media":331,"comment_status":"closed","ping_status":"closed","sticky":false,"template":"","format":"standard","meta":{"footnotes":""},"categories":[1],"tags":[],"class_list":["post-329","post","type-post","status-publish","format-standard","has-post-thumbnail","hentry","category-uncategorized"],"_links":{"self":[{"href":"https:\/\/atletismoplayamelilla.com\/index.php?rest_route=\/wp\/v2\/posts\/329","targetHints":{"allow":["GET"]}}],"collection":[{"href":"https:\/\/atletismoplayamelilla.com\/index.php?rest_route=\/wp\/v2\/posts"}],"about":[{"href":"https:\/\/atletismoplayamelilla.com\/index.php?rest_route=\/wp\/v2\/types\/post"}],"author":[{"embeddable":true,"href":"https:\/\/atletismoplayamelilla.com\/index.php?rest_route=\/wp\/v2\/users\/1"}],"replies":[{"embeddable":true,"href":"https:\/\/atletismoplayamelilla.com\/index.php?rest_route=%2Fwp%2Fv2%2Fcomments&post=329"}],"version-history":[{"count":2,"href":"https:\/\/atletismoplayamelilla.com\/index.php?rest_route=\/wp\/v2\/posts\/329\/revisions"}],"predecessor-version":[{"id":338,"href":"https:\/\/atletismoplayamelilla.com\/index.php?rest_route=\/wp\/v2\/posts\/329\/revisions\/338"}],"wp:featuredmedia":[{"embeddable":true,"href":"https:\/\/atletismoplayamelilla.com\/index.php?rest_route=\/wp\/v2\/media\/331"}],"wp:attachment":[{"href":"https:\/\/atletismoplayamelilla.com\/index.php?rest_route=%2Fwp%2Fv2%2Fmedia&parent=329"}],"wp:term":[{"taxonomy":"category","embeddable":true,"href":"https:\/\/atletismoplayamelilla.com\/index.php?rest_route=%2Fwp%2Fv2%2Fcategories&post=329"},{"taxonomy":"post_tag","embeddable":true,"href":"https:\/\/atletismoplayamelilla.com\/index.php?rest_route=%2Fwp%2Fv2%2Ftags&post=329"}],"curies":[{"name":"wp","href":"https:\/\/api.w.org\/{rel}","templated":true}]}}