{"id":358,"date":"2024-05-12T20:07:36","date_gmt":"2024-05-12T20:07:36","guid":{"rendered":"https:\/\/atletismoplayamelilla.com\/?p=358"},"modified":"2024-05-12T20:07:38","modified_gmt":"2024-05-12T20:07:38","slug":"pelayo-salvador-castano-campeon-de-andalucia-sub-14-triatlon-e","status":"publish","type":"post","link":"https:\/\/atletismoplayamelilla.com\/?p=358","title":{"rendered":"Pelayo Salvador Casta\u00f1o Campe\u00f3n de Andaluc\u00eda sub 14 triatl\u00f3n E"},"content":{"rendered":"\n<p>El atleta Pelayo Casta\u00f1o se hacia este s\u00e1bado con el oro en el Campeonato de Andaluc\u00eda de atletismo sub 14 en la modalidad de pruebas combinadas.<\/p>\n\n\n\n<div class=\"wp-block-media-text is-stacked-on-mobile\"><figure class=\"wp-block-media-text__media\"><img loading=\"lazy\" decoding=\"async\" width=\"634\" height=\"1024\" src=\"https:\/\/atletismoplayamelilla.com\/wp-content\/uploads\/2024\/05\/pelayo-castano-634x1024.jpg\" alt=\"\" class=\"wp-image-359 size-full\" srcset=\"https:\/\/atletismoplayamelilla.com\/wp-content\/uploads\/2024\/05\/pelayo-castano-634x1024.jpg 634w, https:\/\/atletismoplayamelilla.com\/wp-content\/uploads\/2024\/05\/pelayo-castano-186x300.jpg 186w, https:\/\/atletismoplayamelilla.com\/wp-content\/uploads\/2024\/05\/pelayo-castano.jpg 761w\" sizes=\"auto, (max-width: 634px) 100vw, 634px\" \/><\/figure><div class=\"wp-block-media-text__content\">\n<div class=\"wp-block-group\"><div class=\"wp-block-group__inner-container is-layout-constrained wp-block-group-is-layout-constrained\">\n<p>Pelayo mejoraba todas sus marcas y lograba una puntuaci\u00f3n final de 1.565 puntos a tan solo 36 puntos del record de Espa\u00f1a<\/p>\n\n\n\n<p>La primera prueba que disputaba eran los 2.000 m. marcha mejorando su anterior registro en 21 segundos al parar el cron\u00f3metro en 9\u201956\u2019\u2019. Seguidamente le tocaba el turno a la jabalina con la que lanzaba el artefacto hasta los 32,20 metros 120 cm. m\u00e1s que su anterior marca.<\/p>\n\n\n\n<p>La competici\u00f3n se cerraba brillantemente imponi\u00e9ndose en la prueba de velocidad de 80 m. lisos. Pelayo cruzaba la meta en primera posici\u00f3n con una marca de 10.82 segundos.<\/p>\n\n\n\n<p>Excelente progresi\u00f3n la de este joven atleta de 13 a\u00f1os que se enfrentar\u00e1 \u00a0en Madrid el pr\u00f3ximo 8 de junio a la \u00e9lite nacional con el objetivo de batir el record de Espa\u00f1a y subir a lo m\u00e1s alto del p\u00f3dium.<\/p>\n<\/div><\/div>\n<\/div><\/div>\n","protected":false},"excerpt":{"rendered":"<p>El atleta Pelayo Casta\u00f1o se hacia este s\u00e1bado con el<\/p>\n","protected":false},"author":1,"featured_media":0,"comment_status":"closed","ping_status":"closed","sticky":false,"template":"","format":"standard","meta":{"footnotes":""},"categories":[1],"tags":[],"class_list":["post-358","post","type-post","status-publish","format-standard","hentry","category-uncategorized"],"_links":{"self":[{"href":"https:\/\/atletismoplayamelilla.com\/index.php?rest_route=\/wp\/v2\/posts\/358","targetHints":{"allow":["GET"]}}],"collection":[{"href":"https:\/\/atletismoplayamelilla.com\/index.php?rest_route=\/wp\/v2\/posts"}],"about":[{"href":"https:\/\/atletismoplayamelilla.com\/index.php?rest_route=\/wp\/v2\/types\/post"}],"author":[{"embeddable":true,"href":"https:\/\/atletismoplayamelilla.com\/index.php?rest_route=\/wp\/v2\/users\/1"}],"replies":[{"embeddable":true,"href":"https:\/\/atletismoplayamelilla.com\/index.php?rest_route=%2Fwp%2Fv2%2Fcomments&post=358"}],"version-history":[{"count":1,"href":"https:\/\/atletismoplayamelilla.com\/index.php?rest_route=\/wp\/v2\/posts\/358\/revisions"}],"predecessor-version":[{"id":360,"href":"https:\/\/atletismoplayamelilla.com\/index.php?rest_route=\/wp\/v2\/posts\/358\/revisions\/360"}],"wp:attachment":[{"href":"https:\/\/atletismoplayamelilla.com\/index.php?rest_route=%2Fwp%2Fv2%2Fmedia&parent=358"}],"wp:term":[{"taxonomy":"category","embeddable":true,"href":"https:\/\/atletismoplayamelilla.com\/index.php?rest_route=%2Fwp%2Fv2%2Fcategories&post=358"},{"taxonomy":"post_tag","embeddable":true,"href":"https:\/\/atletismoplayamelilla.com\/index.php?rest_route=%2Fwp%2Fv2%2Ftags&post=358"}],"curies":[{"name":"wp","href":"https:\/\/api.w.org\/{rel}","templated":true}]}}