{"id":362,"date":"2024-07-09T16:07:35","date_gmt":"2024-07-09T16:07:35","guid":{"rendered":"https:\/\/atletismoplayamelilla.com\/?p=362"},"modified":"2024-07-11T20:56:35","modified_gmt":"2024-07-11T20:56:35","slug":"campeonato-escolar-de-atletismo","status":"publish","type":"post","link":"https:\/\/atletismoplayamelilla.com\/?p=362","title":{"rendered":"Campeonato Escolar de Atletismo"},"content":{"rendered":"\n<p>El pasado lunes  13 de mayo finalizaba el Campeonato escolar de Atletismo que se disputaba a lo largo de 4 jornadas con m\u00e1s de cuarenta pruebas en competici\u00f3n<\/p>\n\n\n\n<p>Cerca del centenar de atletas de todas las categor\u00edas tomaban parte en las diferentes pruebas disputadas en las pistas del Estadio \u00c1lvarez Claro que inclu\u00edan Saltos , lanzamientos y carreras.<\/p>\n\n\n\n<p>Al final la organizaci\u00f3n determin\u00f3 los atletas m\u00e1s destacados de cada categor\u00eda y que han sido los siguientes.<\/p>\n\n\n\n<p>Categor\u00eda Sub 6&nbsp;&nbsp; Blanca C\u00e1liz y Lucas Calderay  ambos del club Playa de Melilla<\/p>\n\n\n\n<p>Categor\u00eda Sub 8 Eduardo Calderay  del club Playa de Melilla<\/p>\n\n\n\n<p>Categor\u00eda Sub 10 Susana Palomo e Ilian Hussein ambos del club Playa de Melilla<\/p>\n\n\n\n<p>Categor\u00eda Sub 12 Zaira Mohamed&nbsp; y&nbsp; Nizar Benali ambos del club Playa de Melilla<\/p>\n\n\n\n<p>Categor\u00eda Sub 14 Itziar Delgado y \u00c1ngel Ruiz ambos del club Playa de Melilla<\/p>\n\n\n\n<p>Categor\u00eda Sub 16 Lucia Faus y Alejandro Herrero ambos del club Playa de Melilla<\/p>\n\n\n\n<div data-wp-interactive=\"core\/file\" class=\"wp-block-file\"><object data-wp-bind--hidden=\"!state.hasPdfPreview\" hidden class=\"wp-block-file__embed\" data=\"https:\/\/atletismoplayamelilla.com\/wp-content\/uploads\/2024\/07\/RESUMEN.pdf\" type=\"application\/pdf\" style=\"width:100%;height:600px\" aria-label=\"Incrustado de RESUMEN.\"><\/object><a id=\"wp-block-file--media-3443ab9e-9936-4ef9-ab8c-f52ba2b5cfa1\" href=\"https:\/\/atletismoplayamelilla.com\/wp-content\/uploads\/2024\/07\/RESUMEN.pdf\">RESUMEN<\/a><a href=\"https:\/\/atletismoplayamelilla.com\/wp-content\/uploads\/2024\/07\/RESUMEN.pdf\" class=\"wp-block-file__button wp-element-button\" download aria-describedby=\"wp-block-file--media-3443ab9e-9936-4ef9-ab8c-f52ba2b5cfa1\">Descarga<\/a><\/div>\n\n\n\n<figure class=\"wp-block-gallery has-nested-images columns-default is-cropped wp-block-gallery-1 is-layout-flex wp-block-gallery-is-layout-flex\">\n<figure class=\"wp-block-image size-large\"><img loading=\"lazy\" decoding=\"async\" width=\"461\" height=\"1024\" data-id=\"369\" src=\"https:\/\/atletismoplayamelilla.com\/wp-content\/uploads\/2024\/07\/50-m-v-sub-8-461x1024.jpg\" alt=\"\" class=\"wp-image-369\" srcset=\"https:\/\/atletismoplayamelilla.com\/wp-content\/uploads\/2024\/07\/50-m-v-sub-8-461x1024.jpg 461w, https:\/\/atletismoplayamelilla.com\/wp-content\/uploads\/2024\/07\/50-m-v-sub-8-135x300.jpg 135w, https:\/\/atletismoplayamelilla.com\/wp-content\/uploads\/2024\/07\/50-m-v-sub-8-768x1707.jpg 768w, https:\/\/atletismoplayamelilla.com\/wp-content\/uploads\/2024\/07\/50-m-v-sub-8-691x1536.jpg 691w, https:\/\/atletismoplayamelilla.com\/wp-content\/uploads\/2024\/07\/50-m-v-sub-8.jpg 900w\" sizes=\"auto, (max-width: 461px) 100vw, 461px\" \/><\/figure>\n\n\n\n<figure class=\"wp-block-image size-large\"><img loading=\"lazy\" decoding=\"async\" width=\"461\" height=\"1024\" data-id=\"364\" src=\"https:\/\/atletismoplayamelilla.com\/wp-content\/uploads\/2024\/07\/400-ml-sub-6-461x1024.jpg\" alt=\"\" class=\"wp-image-364\" srcset=\"https:\/\/atletismoplayamelilla.com\/wp-content\/uploads\/2024\/07\/400-ml-sub-6-461x1024.jpg 461w, https:\/\/atletismoplayamelilla.com\/wp-content\/uploads\/2024\/07\/400-ml-sub-6-135x300.jpg 135w, https:\/\/atletismoplayamelilla.com\/wp-content\/uploads\/2024\/07\/400-ml-sub-6-768x1707.jpg 768w, https:\/\/atletismoplayamelilla.com\/wp-content\/uploads\/2024\/07\/400-ml-sub-6-691x1536.jpg 691w, https:\/\/atletismoplayamelilla.com\/wp-content\/uploads\/2024\/07\/400-ml-sub-6.jpg 900w\" sizes=\"auto, (max-width: 461px) 100vw, 461px\" \/><\/figure>\n\n\n\n<figure class=\"wp-block-image size-large\"><img loading=\"lazy\" decoding=\"async\" width=\"461\" height=\"1024\" data-id=\"363\" src=\"https:\/\/atletismoplayamelilla.com\/wp-content\/uploads\/2024\/07\/500-ml-461x1024.jpg\" alt=\"\" class=\"wp-image-363\" srcset=\"https:\/\/atletismoplayamelilla.com\/wp-content\/uploads\/2024\/07\/500-ml-461x1024.jpg 461w, https:\/\/atletismoplayamelilla.com\/wp-content\/uploads\/2024\/07\/500-ml-135x300.jpg 135w, https:\/\/atletismoplayamelilla.com\/wp-content\/uploads\/2024\/07\/500-ml-768x1707.jpg 768w, https:\/\/atletismoplayamelilla.com\/wp-content\/uploads\/2024\/07\/500-ml-691x1536.jpg 691w, https:\/\/atletismoplayamelilla.com\/wp-content\/uploads\/2024\/07\/500-ml.jpg 900w\" sizes=\"auto, (max-width: 461px) 100vw, 461px\" \/><\/figure>\n\n\n\n<figure class=\"wp-block-image size-large\"><img loading=\"lazy\" decoding=\"async\" width=\"461\" height=\"1024\" data-id=\"367\" src=\"https:\/\/atletismoplayamelilla.com\/wp-content\/uploads\/2024\/07\/alejandro-herrero-600-ml-461x1024.jpg\" alt=\"\" class=\"wp-image-367\" srcset=\"https:\/\/atletismoplayamelilla.com\/wp-content\/uploads\/2024\/07\/alejandro-herrero-600-ml-461x1024.jpg 461w, https:\/\/atletismoplayamelilla.com\/wp-content\/uploads\/2024\/07\/alejandro-herrero-600-ml-135x300.jpg 135w, https:\/\/atletismoplayamelilla.com\/wp-content\/uploads\/2024\/07\/alejandro-herrero-600-ml-691x1536.jpg 691w, https:\/\/atletismoplayamelilla.com\/wp-content\/uploads\/2024\/07\/alejandro-herrero-600-ml.jpg 738w\" sizes=\"auto, (max-width: 461px) 100vw, 461px\" \/><\/figure>\n\n\n\n<figure class=\"wp-block-image size-large\"><img loading=\"lazy\" decoding=\"async\" width=\"461\" height=\"1024\" data-id=\"373\" src=\"https:\/\/atletismoplayamelilla.com\/wp-content\/uploads\/2024\/07\/categoria-sub-12-461x1024.jpg\" alt=\"\" class=\"wp-image-373\" srcset=\"https:\/\/atletismoplayamelilla.com\/wp-content\/uploads\/2024\/07\/categoria-sub-12-461x1024.jpg 461w, https:\/\/atletismoplayamelilla.com\/wp-content\/uploads\/2024\/07\/categoria-sub-12-135x300.jpg 135w, https:\/\/atletismoplayamelilla.com\/wp-content\/uploads\/2024\/07\/categoria-sub-12-768x1707.jpg 768w, https:\/\/atletismoplayamelilla.com\/wp-content\/uploads\/2024\/07\/categoria-sub-12-691x1536.jpg 691w, https:\/\/atletismoplayamelilla.com\/wp-content\/uploads\/2024\/07\/categoria-sub-12.jpg 900w\" sizes=\"auto, (max-width: 461px) 100vw, 461px\" \/><\/figure>\n\n\n\n<figure class=\"wp-block-image size-large\"><img loading=\"lazy\" decoding=\"async\" width=\"1024\" height=\"461\" data-id=\"370\" src=\"https:\/\/atletismoplayamelilla.com\/wp-content\/uploads\/2024\/07\/los-mas-pequenos-sub-6-1024x461.jpg\" alt=\"\" class=\"wp-image-370\" srcset=\"https:\/\/atletismoplayamelilla.com\/wp-content\/uploads\/2024\/07\/los-mas-pequenos-sub-6-1024x461.jpg 1024w, https:\/\/atletismoplayamelilla.com\/wp-content\/uploads\/2024\/07\/los-mas-pequenos-sub-6-300x135.jpg 300w, https:\/\/atletismoplayamelilla.com\/wp-content\/uploads\/2024\/07\/los-mas-pequenos-sub-6-768x346.jpg 768w, https:\/\/atletismoplayamelilla.com\/wp-content\/uploads\/2024\/07\/los-mas-pequenos-sub-6-1536x691.jpg 1536w, https:\/\/atletismoplayamelilla.com\/wp-content\/uploads\/2024\/07\/los-mas-pequenos-sub-6.jpg 2000w\" sizes=\"auto, (max-width: 1024px) 100vw, 1024px\" \/><\/figure>\n\n\n\n<figure class=\"wp-block-image size-large\"><img loading=\"lazy\" decoding=\"async\" width=\"461\" height=\"1024\" data-id=\"368\" src=\"https:\/\/atletismoplayamelilla.com\/wp-content\/uploads\/2024\/07\/los-mejores-sub-10-461x1024.jpg\" alt=\"\" class=\"wp-image-368\" srcset=\"https:\/\/atletismoplayamelilla.com\/wp-content\/uploads\/2024\/07\/los-mejores-sub-10-461x1024.jpg 461w, https:\/\/atletismoplayamelilla.com\/wp-content\/uploads\/2024\/07\/los-mejores-sub-10-135x300.jpg 135w, https:\/\/atletismoplayamelilla.com\/wp-content\/uploads\/2024\/07\/los-mejores-sub-10-768x1707.jpg 768w, https:\/\/atletismoplayamelilla.com\/wp-content\/uploads\/2024\/07\/los-mejores-sub-10-691x1536.jpg 691w, https:\/\/atletismoplayamelilla.com\/wp-content\/uploads\/2024\/07\/los-mejores-sub-10.jpg 900w\" sizes=\"auto, (max-width: 461px) 100vw, 461px\" \/><\/figure>\n\n\n\n<figure class=\"wp-block-image size-large\"><img loading=\"lazy\" decoding=\"async\" width=\"461\" height=\"1024\" data-id=\"365\" src=\"https:\/\/atletismoplayamelilla.com\/wp-content\/uploads\/2024\/07\/peso-461x1024.jpg\" alt=\"\" class=\"wp-image-365\" srcset=\"https:\/\/atletismoplayamelilla.com\/wp-content\/uploads\/2024\/07\/peso-461x1024.jpg 461w, https:\/\/atletismoplayamelilla.com\/wp-content\/uploads\/2024\/07\/peso-135x300.jpg 135w, https:\/\/atletismoplayamelilla.com\/wp-content\/uploads\/2024\/07\/peso-768x1707.jpg 768w, https:\/\/atletismoplayamelilla.com\/wp-content\/uploads\/2024\/07\/peso-691x1536.jpg 691w, https:\/\/atletismoplayamelilla.com\/wp-content\/uploads\/2024\/07\/peso.jpg 900w\" sizes=\"auto, (max-width: 461px) 100vw, 461px\" \/><\/figure>\n\n\n\n<figure class=\"wp-block-image size-large\"><img loading=\"lazy\" decoding=\"async\" width=\"461\" height=\"1024\" data-id=\"366\" src=\"https:\/\/atletismoplayamelilla.com\/wp-content\/uploads\/2024\/07\/salto-de-longitud-461x1024.jpg\" alt=\"\" class=\"wp-image-366\" srcset=\"https:\/\/atletismoplayamelilla.com\/wp-content\/uploads\/2024\/07\/salto-de-longitud-461x1024.jpg 461w, https:\/\/atletismoplayamelilla.com\/wp-content\/uploads\/2024\/07\/salto-de-longitud-135x300.jpg 135w, https:\/\/atletismoplayamelilla.com\/wp-content\/uploads\/2024\/07\/salto-de-longitud-768x1707.jpg 768w, https:\/\/atletismoplayamelilla.com\/wp-content\/uploads\/2024\/07\/salto-de-longitud-691x1536.jpg 691w, https:\/\/atletismoplayamelilla.com\/wp-content\/uploads\/2024\/07\/salto-de-longitud.jpg 900w\" sizes=\"auto, (max-width: 461px) 100vw, 461px\" \/><\/figure>\n\n\n\n<figure class=\"wp-block-image size-large\"><img loading=\"lazy\" decoding=\"async\" width=\"461\" height=\"1024\" data-id=\"371\" src=\"https:\/\/atletismoplayamelilla.com\/wp-content\/uploads\/2024\/07\/sub-10-461x1024.jpg\" alt=\"\" class=\"wp-image-371\" srcset=\"https:\/\/atletismoplayamelilla.com\/wp-content\/uploads\/2024\/07\/sub-10-461x1024.jpg 461w, https:\/\/atletismoplayamelilla.com\/wp-content\/uploads\/2024\/07\/sub-10-135x300.jpg 135w, https:\/\/atletismoplayamelilla.com\/wp-content\/uploads\/2024\/07\/sub-10-768x1707.jpg 768w, https:\/\/atletismoplayamelilla.com\/wp-content\/uploads\/2024\/07\/sub-10-691x1536.jpg 691w, https:\/\/atletismoplayamelilla.com\/wp-content\/uploads\/2024\/07\/sub-10.jpg 900w\" sizes=\"auto, (max-width: 461px) 100vw, 461px\" \/><\/figure>\n\n\n\n<figure class=\"wp-block-image size-large\"><img loading=\"lazy\" decoding=\"async\" width=\"461\" height=\"1024\" data-id=\"372\" src=\"https:\/\/atletismoplayamelilla.com\/wp-content\/uploads\/2024\/07\/sub-16-461x1024.jpg\" alt=\"\" class=\"wp-image-372\" srcset=\"https:\/\/atletismoplayamelilla.com\/wp-content\/uploads\/2024\/07\/sub-16-461x1024.jpg 461w, https:\/\/atletismoplayamelilla.com\/wp-content\/uploads\/2024\/07\/sub-16-135x300.jpg 135w, https:\/\/atletismoplayamelilla.com\/wp-content\/uploads\/2024\/07\/sub-16-768x1707.jpg 768w, https:\/\/atletismoplayamelilla.com\/wp-content\/uploads\/2024\/07\/sub-16-691x1536.jpg 691w, https:\/\/atletismoplayamelilla.com\/wp-content\/uploads\/2024\/07\/sub-16.jpg 900w\" sizes=\"auto, (max-width: 461px) 100vw, 461px\" \/><\/figure>\n<\/figure>\n","protected":false},"excerpt":{"rendered":"<p>El pasado lunes 13 de mayo finalizaba el Campeonato escolar<\/p>\n","protected":false},"author":1,"featured_media":0,"comment_status":"closed","ping_status":"closed","sticky":false,"template":"","format":"standard","meta":{"footnotes":""},"categories":[1],"tags":[],"class_list":["post-362","post","type-post","status-publish","format-standard","hentry","category-uncategorized"],"_links":{"self":[{"href":"https:\/\/atletismoplayamelilla.com\/index.php?rest_route=\/wp\/v2\/posts\/362","targetHints":{"allow":["GET"]}}],"collection":[{"href":"https:\/\/atletismoplayamelilla.com\/index.php?rest_route=\/wp\/v2\/posts"}],"about":[{"href":"https:\/\/atletismoplayamelilla.com\/index.php?rest_route=\/wp\/v2\/types\/post"}],"author":[{"embeddable":true,"href":"https:\/\/atletismoplayamelilla.com\/index.php?rest_route=\/wp\/v2\/users\/1"}],"replies":[{"embeddable":true,"href":"https:\/\/atletismoplayamelilla.com\/index.php?rest_route=%2Fwp%2Fv2%2Fcomments&post=362"}],"version-history":[{"count":2,"href":"https:\/\/atletismoplayamelilla.com\/index.php?rest_route=\/wp\/v2\/posts\/362\/revisions"}],"predecessor-version":[{"id":385,"href":"https:\/\/atletismoplayamelilla.com\/index.php?rest_route=\/wp\/v2\/posts\/362\/revisions\/385"}],"wp:attachment":[{"href":"https:\/\/atletismoplayamelilla.com\/index.php?rest_route=%2Fwp%2Fv2%2Fmedia&parent=362"}],"wp:term":[{"taxonomy":"category","embeddable":true,"href":"https:\/\/atletismoplayamelilla.com\/index.php?rest_route=%2Fwp%2Fv2%2Fcategories&post=362"},{"taxonomy":"post_tag","embeddable":true,"href":"https:\/\/atletismoplayamelilla.com\/index.php?rest_route=%2Fwp%2Fv2%2Ftags&post=362"}],"curies":[{"name":"wp","href":"https:\/\/api.w.org\/{rel}","templated":true}]}}