{"id":375,"date":"2024-07-09T16:10:02","date_gmt":"2024-07-09T16:10:02","guid":{"rendered":"https:\/\/atletismoplayamelilla.com\/?p=375"},"modified":"2024-07-09T16:11:23","modified_gmt":"2024-07-09T16:11:23","slug":"campeonato-de-espana-sub-14","status":"publish","type":"post","link":"https:\/\/atletismoplayamelilla.com\/?p=375","title":{"rendered":"Campeonato de Espa\u00f1a sub 14"},"content":{"rendered":"\n<p class=\"has-vivid-red-color has-text-color has-link-color has-large-font-size wp-elements-a945f9f0f77870240f732618c934e109\"><strong>Pelayo Casta\u00f1o 5\u00ba de Espa\u00f1a<\/strong><\/p>\n\n\n\n<p>El Estadio Vallehermoso&nbsp;de Madrid reun\u00eda el pasado fin de semana a lo mejor del atletismo infantil nacional en el Campeonato de Espa\u00f1a de atletismo SUB 14<\/p>\n\n\n\n<p>Con una lluvia amenazadora que se descargaba intermitentemente&nbsp;los j\u00f3venes&nbsp;atletas se esforzaban por conseguir las mejores marcas en las cinco modalidades de triatl\u00f3n que se disputaban.<\/p>\n\n\n\n<p>36 competidores en cada una de ellas tanto masculinos como femeninos fueron citados por sus marcas a esta fase final.<\/p>\n\n\n\n<p>Pelayo Salvador Casta\u00f1o Calvo que entrena con el Club de Atletismo Playa de Melilla compet\u00eda en la modalidad de triatl\u00f3n E con incluye las pruebas de 80 metros lisos, lanzamiento de jabalina y 2000 metros marcha<\/p>\n\n\n\n<p>Para el melillense la competici\u00f3n empez\u00f3 muy bien logrando el tercer puesto en la prueba de velocidad (80 ml) lograba su mejor marca personal con 10.7 segundos. En el concurso de jabalina los nervios no le permitieron acercarse a sus mejores marcas con un lanzamiento&nbsp;nulo y otro muy corto al final&nbsp; su marca fue de 27 m a m\u00e1s de 5 metros de sus registros habituales lo que le relegaba a la octava&nbsp;plaza. La competici\u00f3n se decid\u00eda&nbsp;en la \u00faltima prueba ya que el podium estaba muy apretado entre los 5 primeros atletas. Pelayo consegu\u00eda&nbsp;remontar hasta la quinta posici\u00f3n a tan solo 27 puntos del bronce.&nbsp;El oro fue para \u00c1lex Gonz\u00e1lez (1582 p), la plata para Alejandro Navarro (1561 p) y el bronce para Ant\u00f3n D\u00edaz (1466 p). Pelayo lograba 1439 puntos que danto quinto en la general.<\/p>\n\n\n\n<p>Un gran resultado para este joven atleta que en poco tiempo a logrado asimilar dos t\u00e9cnicas atl\u00e9ticas tan complicadas como la jabalina y la marcha junto con la explosividad de la velocidad<\/p>\n\n\n\n<figure class=\"wp-block-image size-large\"><img loading=\"lazy\" decoding=\"async\" width=\"461\" height=\"1024\" src=\"https:\/\/atletismoplayamelilla.com\/wp-content\/uploads\/2024\/07\/pelayo-salvador-castano-461x1024.jpg\" alt=\"\" class=\"wp-image-376\" srcset=\"https:\/\/atletismoplayamelilla.com\/wp-content\/uploads\/2024\/07\/pelayo-salvador-castano-461x1024.jpg 461w, https:\/\/atletismoplayamelilla.com\/wp-content\/uploads\/2024\/07\/pelayo-salvador-castano-135x300.jpg 135w, https:\/\/atletismoplayamelilla.com\/wp-content\/uploads\/2024\/07\/pelayo-salvador-castano-768x1707.jpg 768w, https:\/\/atletismoplayamelilla.com\/wp-content\/uploads\/2024\/07\/pelayo-salvador-castano-691x1536.jpg 691w, https:\/\/atletismoplayamelilla.com\/wp-content\/uploads\/2024\/07\/pelayo-salvador-castano.jpg 918w\" sizes=\"auto, (max-width: 461px) 100vw, 461px\" \/><\/figure>\n","protected":false},"excerpt":{"rendered":"<p>Pelayo Casta\u00f1o 5\u00ba de Espa\u00f1a El Estadio Vallehermoso&nbsp;de Madrid reun\u00eda<\/p>\n","protected":false},"author":1,"featured_media":0,"comment_status":"closed","ping_status":"closed","sticky":false,"template":"","format":"standard","meta":{"footnotes":""},"categories":[1],"tags":[],"class_list":["post-375","post","type-post","status-publish","format-standard","hentry","category-uncategorized"],"_links":{"self":[{"href":"https:\/\/atletismoplayamelilla.com\/index.php?rest_route=\/wp\/v2\/posts\/375","targetHints":{"allow":["GET"]}}],"collection":[{"href":"https:\/\/atletismoplayamelilla.com\/index.php?rest_route=\/wp\/v2\/posts"}],"about":[{"href":"https:\/\/atletismoplayamelilla.com\/index.php?rest_route=\/wp\/v2\/types\/post"}],"author":[{"embeddable":true,"href":"https:\/\/atletismoplayamelilla.com\/index.php?rest_route=\/wp\/v2\/users\/1"}],"replies":[{"embeddable":true,"href":"https:\/\/atletismoplayamelilla.com\/index.php?rest_route=%2Fwp%2Fv2%2Fcomments&post=375"}],"version-history":[{"count":2,"href":"https:\/\/atletismoplayamelilla.com\/index.php?rest_route=\/wp\/v2\/posts\/375\/revisions"}],"predecessor-version":[{"id":379,"href":"https:\/\/atletismoplayamelilla.com\/index.php?rest_route=\/wp\/v2\/posts\/375\/revisions\/379"}],"wp:attachment":[{"href":"https:\/\/atletismoplayamelilla.com\/index.php?rest_route=%2Fwp%2Fv2%2Fmedia&parent=375"}],"wp:term":[{"taxonomy":"category","embeddable":true,"href":"https:\/\/atletismoplayamelilla.com\/index.php?rest_route=%2Fwp%2Fv2%2Fcategories&post=375"},{"taxonomy":"post_tag","embeddable":true,"href":"https:\/\/atletismoplayamelilla.com\/index.php?rest_route=%2Fwp%2Fv2%2Ftags&post=375"}],"curies":[{"name":"wp","href":"https:\/\/api.w.org\/{rel}","templated":true}]}}