{"id":432,"date":"2024-11-17T20:08:32","date_gmt":"2024-11-17T20:08:32","guid":{"rendered":"https:\/\/atletismoplayamelilla.com\/?p=432"},"modified":"2024-11-17T20:08:34","modified_gmt":"2024-11-17T20:08:34","slug":"pelayo-castano-campeon-de-andalucia","status":"publish","type":"post","link":"https:\/\/atletismoplayamelilla.com\/?p=432","title":{"rendered":"Pelayo Casta\u00f1o Campeon de Andalucia"},"content":{"rendered":"\n<p>El pasado s\u00e1bado, 26 de octubre, se celebr\u00f3 en V\u00e9lez M\u00e1laga el<br>Campeonato de Andaluc\u00eda Sub14 donde participaron los 24 mejores<br>atletas de Andaluc\u00eda<\/p>\n\n\n\n<p>En este torneo individual, los atletas compitieron en tres pruebas<br>determinadas seg\u00fan el triatl\u00f3n en el que se hab\u00edan clasificado,<br>obteniendo puntos por cada una de ellas que finalmente se sumaron para<br>determinar el resultado global.<\/p>\n\n\n\n<p>Con una excelente organizaci\u00f3n el polideportivo Fernando Ruiz Hierro,<br>fue el escenario de una jornada de atletismo de nivel en la categor\u00eda<br>Sub14 con&nbsp; actuaciones muy destacadas. Entre ellas una de las mejores<br>fue la del Atleta melillense Pelayo Salvador Casta\u00f1o en la modalidad<br>de triatl\u00f3n E,&nbsp; 2000 m marcha, lanzamiento de jabalina y 80 m lisos.<\/p>\n\n\n\n<p>Pelayo milita en el club Juventud Atletismo Granada pero entrena en<br>Melilla bajo la disciplina del Club de Atletismo Playa de Melilla.<\/p>\n\n\n\n<p>Desde el punto de vista de los resultados Pelayo consegu\u00eda la primera<br>plaza en la jabalina con un lanzamiento de 31,79&nbsp; metros y lo mismo<br>hac\u00eda en la prueba de los 80 m. lisos en la que hac\u00eda su mejor marca<br>personal con un tiempo de 10,46 segundos. En la prueba de marcha<br>Pelayo no rindi\u00f3 al nivel que nos tiene acostumbrados haciendo una<br>marca de 10\u2019 09 seg.<\/p>\n\n\n\n<p>La competici\u00f3n no pod\u00eda ir m\u00e1s ajustada en los puestos de cabeza ya<br>que Pelayo a falta de la prueba de velocidad encabezaba la<br>clasificaci\u00f3n seguido del Alejandro Navarro del club Bah\u00eda de Almer\u00eda<br>a tan solo un punto, pero la foto finish di\u00f3&nbsp; al atleta melillense la<br>victoria en los 80 m lisos con el mismo tiempo que el almeriense,<br>finalizando la competici\u00f3n con un bagaje de 1587 puntos a tan solo 13<br>del r\u00e9cord de Espa\u00f1a<\/p>\n\n\n\n<p>Ha sido un campeonato para el recuerdo y un colof\u00f3n de primera al<br>final de su paso por la categor\u00eda sub 14 de Pelayo Salvador Casta\u00f1o,<br>siendo ejemplo de trabajo y esfuerzo.<\/p>\n\n\n\n<figure class=\"wp-block-image size-large\"><img loading=\"lazy\" decoding=\"async\" width=\"768\" height=\"1024\" src=\"https:\/\/atletismoplayamelilla.com\/wp-content\/uploads\/2024\/11\/pelayo-1-768x1024.jpg\" alt=\"\" class=\"wp-image-433\" srcset=\"https:\/\/atletismoplayamelilla.com\/wp-content\/uploads\/2024\/11\/pelayo-1-768x1024.jpg 768w, https:\/\/atletismoplayamelilla.com\/wp-content\/uploads\/2024\/11\/pelayo-1-225x300.jpg 225w, https:\/\/atletismoplayamelilla.com\/wp-content\/uploads\/2024\/11\/pelayo-1-1152x1536.jpg 1152w, https:\/\/atletismoplayamelilla.com\/wp-content\/uploads\/2024\/11\/pelayo-1-1024x1365.jpg 1024w, https:\/\/atletismoplayamelilla.com\/wp-content\/uploads\/2024\/11\/pelayo-1.jpg 1536w\" sizes=\"auto, (max-width: 768px) 100vw, 768px\" \/><\/figure>\n","protected":false},"excerpt":{"rendered":"<p>El pasado s\u00e1bado, 26 de octubre, se celebr\u00f3 en V\u00e9lez<\/p>\n","protected":false},"author":1,"featured_media":0,"comment_status":"closed","ping_status":"closed","sticky":false,"template":"","format":"standard","meta":{"footnotes":""},"categories":[1],"tags":[],"class_list":["post-432","post","type-post","status-publish","format-standard","hentry","category-uncategorized"],"_links":{"self":[{"href":"https:\/\/atletismoplayamelilla.com\/index.php?rest_route=\/wp\/v2\/posts\/432","targetHints":{"allow":["GET"]}}],"collection":[{"href":"https:\/\/atletismoplayamelilla.com\/index.php?rest_route=\/wp\/v2\/posts"}],"about":[{"href":"https:\/\/atletismoplayamelilla.com\/index.php?rest_route=\/wp\/v2\/types\/post"}],"author":[{"embeddable":true,"href":"https:\/\/atletismoplayamelilla.com\/index.php?rest_route=\/wp\/v2\/users\/1"}],"replies":[{"embeddable":true,"href":"https:\/\/atletismoplayamelilla.com\/index.php?rest_route=%2Fwp%2Fv2%2Fcomments&post=432"}],"version-history":[{"count":1,"href":"https:\/\/atletismoplayamelilla.com\/index.php?rest_route=\/wp\/v2\/posts\/432\/revisions"}],"predecessor-version":[{"id":434,"href":"https:\/\/atletismoplayamelilla.com\/index.php?rest_route=\/wp\/v2\/posts\/432\/revisions\/434"}],"wp:attachment":[{"href":"https:\/\/atletismoplayamelilla.com\/index.php?rest_route=%2Fwp%2Fv2%2Fmedia&parent=432"}],"wp:term":[{"taxonomy":"category","embeddable":true,"href":"https:\/\/atletismoplayamelilla.com\/index.php?rest_route=%2Fwp%2Fv2%2Fcategories&post=432"},{"taxonomy":"post_tag","embeddable":true,"href":"https:\/\/atletismoplayamelilla.com\/index.php?rest_route=%2Fwp%2Fv2%2Ftags&post=432"}],"curies":[{"name":"wp","href":"https:\/\/api.w.org\/{rel}","templated":true}]}}