{"id":449,"date":"2025-02-16T20:37:10","date_gmt":"2025-02-16T20:37:10","guid":{"rendered":"https:\/\/atletismoplayamelilla.com\/?p=449"},"modified":"2025-02-16T20:37:11","modified_gmt":"2025-02-16T20:37:11","slug":"campeonato-de-espana-de-campo-a-traves-sub-16-y-sub-18","status":"publish","type":"post","link":"https:\/\/atletismoplayamelilla.com\/?p=449","title":{"rendered":"Campeonato de Espa\u00f1a de Campo a Trav\u00e9s      SUB 16 y SUB 18"},"content":{"rendered":"\n<p>La competici\u00f3n se desarroll\u00f3 en el circuito situado en el Cerro de los<br>\u00c1ngeles en Getafe embarrado y bajo una lluvia que oblig\u00f3 a los atletas<br>a correr con zapatillas de clavos de 9 mil\u00edmetros a las que no est\u00e1n<br>habituados nuestros atletas y que aun as\u00ed no impidieron m\u00e1s de una ca\u00edda.<\/p>\n\n\n\n<p>Los atletas participantes fueron<\/p>\n\n\n\n<p>Sub 16 femenino 4000 m LUCIA FAUS ALMECIJA 76 ITZIAR DELGADO TELLECHEA 100 ELSA MART\u00cdNEZ ALMECIJA 102 JIMENA FLORES ESTESO 103 ARANTXA AZNAR TELLECHEA 105 DENIA ALI MOHAMED 106<\/p>\n\n\n\n<p>Sub 16 masculino 4000 m RAYAN MOHAMED EL FOUNTI 92 \u00c1NGEL RUIZ SERRANO 95 CRIST\u00d3BAL LUQUE PALMA 99 PELAYO SALVADOR CASTA\u00d1O CALVO 102<\/p>\n\n\n\n<p>Sub 18 femenino 5000 m SHEILA MOH AMEYAHID DNF LUCIA ROMERO S\u00c1NCHEZ 85 NADIN AHMED MIMON 96<\/p>\n\n\n\n<p>Sub 18 masculino 5000 m JOS\u00c9 MIGUEL ROMAN MU\u00d1OZ 101 JOS\u00c9 MAR\u00cdA VEREDA CARRASCO 102 OUZMAN BEN ALLAL SABBA 96 MIGUEL GUERRERO SALCEDO 99 ALEJANDRO HERRERO URBANEJA DNF<\/p>\n\n\n\n<p>Melilla que finalizaba en el puesto 17 por Comunidades estuvo a la altura de Canarias , Murcia y La Rioja. Para la Federaci\u00f3n Melillense el reunir un equipo que punt\u00fae en tres de las cuatro modalidades ha<br>sido un logro que hac\u00eda tiempo que no se consegu\u00eda.<\/p>\n\n\n\n<figure class=\"wp-block-image size-large\"><img loading=\"lazy\" decoding=\"async\" width=\"768\" height=\"1024\" src=\"https:\/\/atletismoplayamelilla.com\/wp-content\/uploads\/2025\/02\/equipo-768x1024.jpeg\" alt=\"\" class=\"wp-image-450\" srcset=\"https:\/\/atletismoplayamelilla.com\/wp-content\/uploads\/2025\/02\/equipo-768x1024.jpeg 768w, https:\/\/atletismoplayamelilla.com\/wp-content\/uploads\/2025\/02\/equipo-225x300.jpeg 225w, https:\/\/atletismoplayamelilla.com\/wp-content\/uploads\/2025\/02\/equipo-1152x1536.jpeg 1152w, https:\/\/atletismoplayamelilla.com\/wp-content\/uploads\/2025\/02\/equipo-1024x1365.jpeg 1024w, https:\/\/atletismoplayamelilla.com\/wp-content\/uploads\/2025\/02\/equipo.jpeg 1200w\" sizes=\"auto, (max-width: 768px) 100vw, 768px\" \/><\/figure>\n","protected":false},"excerpt":{"rendered":"<p>La competici\u00f3n se desarroll\u00f3 en el circuito situado en el<\/p>\n","protected":false},"author":1,"featured_media":0,"comment_status":"closed","ping_status":"closed","sticky":false,"template":"","format":"standard","meta":{"footnotes":""},"categories":[1],"tags":[],"class_list":["post-449","post","type-post","status-publish","format-standard","hentry","category-uncategorized"],"_links":{"self":[{"href":"https:\/\/atletismoplayamelilla.com\/index.php?rest_route=\/wp\/v2\/posts\/449","targetHints":{"allow":["GET"]}}],"collection":[{"href":"https:\/\/atletismoplayamelilla.com\/index.php?rest_route=\/wp\/v2\/posts"}],"about":[{"href":"https:\/\/atletismoplayamelilla.com\/index.php?rest_route=\/wp\/v2\/types\/post"}],"author":[{"embeddable":true,"href":"https:\/\/atletismoplayamelilla.com\/index.php?rest_route=\/wp\/v2\/users\/1"}],"replies":[{"embeddable":true,"href":"https:\/\/atletismoplayamelilla.com\/index.php?rest_route=%2Fwp%2Fv2%2Fcomments&post=449"}],"version-history":[{"count":1,"href":"https:\/\/atletismoplayamelilla.com\/index.php?rest_route=\/wp\/v2\/posts\/449\/revisions"}],"predecessor-version":[{"id":451,"href":"https:\/\/atletismoplayamelilla.com\/index.php?rest_route=\/wp\/v2\/posts\/449\/revisions\/451"}],"wp:attachment":[{"href":"https:\/\/atletismoplayamelilla.com\/index.php?rest_route=%2Fwp%2Fv2%2Fmedia&parent=449"}],"wp:term":[{"taxonomy":"category","embeddable":true,"href":"https:\/\/atletismoplayamelilla.com\/index.php?rest_route=%2Fwp%2Fv2%2Fcategories&post=449"},{"taxonomy":"post_tag","embeddable":true,"href":"https:\/\/atletismoplayamelilla.com\/index.php?rest_route=%2Fwp%2Fv2%2Ftags&post=449"}],"curies":[{"name":"wp","href":"https:\/\/api.w.org\/{rel}","templated":true}]}}