{"id":456,"date":"2025-05-18T18:50:24","date_gmt":"2025-05-18T18:50:24","guid":{"rendered":"https:\/\/atletismoplayamelilla.com\/?p=456"},"modified":"2025-05-18T18:50:26","modified_gmt":"2025-05-18T18:50:26","slug":"pelayo-castano-promesa-del-deporte-2024","status":"publish","type":"post","link":"https:\/\/atletismoplayamelilla.com\/?p=456","title":{"rendered":"Pelayo Casta\u00f1o promesa del deporte 2024"},"content":{"rendered":"\n<p>Nuestro atleta y compa\u00f1ero Pelayo ha sido designado por la asociaci\u00f3n de la prensa deportiva de Melilla como el atleta con m\u00e1s proyecci\u00f3n de 2024<\/p>\n\n\n\n<figure class=\"wp-block-image size-large is-resized\"><img loading=\"lazy\" decoding=\"async\" width=\"834\" height=\"1024\" src=\"https:\/\/atletismoplayamelilla.com\/wp-content\/uploads\/2025\/05\/promesa-deportiva-834x1024.jpg\" alt=\"\" class=\"wp-image-457\" style=\"width:840px;height:auto\" srcset=\"https:\/\/atletismoplayamelilla.com\/wp-content\/uploads\/2025\/05\/promesa-deportiva-834x1024.jpg 834w, https:\/\/atletismoplayamelilla.com\/wp-content\/uploads\/2025\/05\/promesa-deportiva-244x300.jpg 244w, https:\/\/atletismoplayamelilla.com\/wp-content\/uploads\/2025\/05\/promesa-deportiva-768x943.jpg 768w, https:\/\/atletismoplayamelilla.com\/wp-content\/uploads\/2025\/05\/promesa-deportiva-1024x1257.jpg 1024w, https:\/\/atletismoplayamelilla.com\/wp-content\/uploads\/2025\/05\/promesa-deportiva.jpg 1206w\" sizes=\"auto, (max-width: 834px) 100vw, 834px\" \/><\/figure>\n\n\n\n<figure class=\"wp-block-image size-large is-resized\"><img loading=\"lazy\" decoding=\"async\" width=\"745\" height=\"1024\" src=\"https:\/\/atletismoplayamelilla.com\/wp-content\/uploads\/2025\/05\/pelayo-promes-deporte-2024-745x1024.jpg\" alt=\"\" class=\"wp-image-458\" style=\"width:840px;height:auto\" srcset=\"https:\/\/atletismoplayamelilla.com\/wp-content\/uploads\/2025\/05\/pelayo-promes-deporte-2024-745x1024.jpg 745w, https:\/\/atletismoplayamelilla.com\/wp-content\/uploads\/2025\/05\/pelayo-promes-deporte-2024-218x300.jpg 218w, https:\/\/atletismoplayamelilla.com\/wp-content\/uploads\/2025\/05\/pelayo-promes-deporte-2024-768x1056.jpg 768w, https:\/\/atletismoplayamelilla.com\/wp-content\/uploads\/2025\/05\/pelayo-promes-deporte-2024-1117x1536.jpg 1117w, https:\/\/atletismoplayamelilla.com\/wp-content\/uploads\/2025\/05\/pelayo-promes-deporte-2024-1489x2048.jpg 1489w, https:\/\/atletismoplayamelilla.com\/wp-content\/uploads\/2025\/05\/pelayo-promes-deporte-2024-1024x1408.jpg 1024w, https:\/\/atletismoplayamelilla.com\/wp-content\/uploads\/2025\/05\/pelayo-promes-deporte-2024.jpg 1700w\" sizes=\"auto, (max-width: 745px) 100vw, 745px\" \/><\/figure>\n","protected":false},"excerpt":{"rendered":"<p>Nuestro atleta y compa\u00f1ero Pelayo ha sido designado por la<\/p>\n","protected":false},"author":1,"featured_media":0,"comment_status":"closed","ping_status":"closed","sticky":false,"template":"","format":"standard","meta":{"footnotes":""},"categories":[1],"tags":[],"class_list":["post-456","post","type-post","status-publish","format-standard","hentry","category-uncategorized"],"_links":{"self":[{"href":"https:\/\/atletismoplayamelilla.com\/index.php?rest_route=\/wp\/v2\/posts\/456","targetHints":{"allow":["GET"]}}],"collection":[{"href":"https:\/\/atletismoplayamelilla.com\/index.php?rest_route=\/wp\/v2\/posts"}],"about":[{"href":"https:\/\/atletismoplayamelilla.com\/index.php?rest_route=\/wp\/v2\/types\/post"}],"author":[{"embeddable":true,"href":"https:\/\/atletismoplayamelilla.com\/index.php?rest_route=\/wp\/v2\/users\/1"}],"replies":[{"embeddable":true,"href":"https:\/\/atletismoplayamelilla.com\/index.php?rest_route=%2Fwp%2Fv2%2Fcomments&post=456"}],"version-history":[{"count":1,"href":"https:\/\/atletismoplayamelilla.com\/index.php?rest_route=\/wp\/v2\/posts\/456\/revisions"}],"predecessor-version":[{"id":459,"href":"https:\/\/atletismoplayamelilla.com\/index.php?rest_route=\/wp\/v2\/posts\/456\/revisions\/459"}],"wp:attachment":[{"href":"https:\/\/atletismoplayamelilla.com\/index.php?rest_route=%2Fwp%2Fv2%2Fmedia&parent=456"}],"wp:term":[{"taxonomy":"category","embeddable":true,"href":"https:\/\/atletismoplayamelilla.com\/index.php?rest_route=%2Fwp%2Fv2%2Fcategories&post=456"},{"taxonomy":"post_tag","embeddable":true,"href":"https:\/\/atletismoplayamelilla.com\/index.php?rest_route=%2Fwp%2Fv2%2Ftags&post=456"}],"curies":[{"name":"wp","href":"https:\/\/api.w.org\/{rel}","templated":true}]}}