{"id":479,"date":"2025-11-11T17:27:57","date_gmt":"2025-11-11T17:27:57","guid":{"rendered":"https:\/\/atletismoplayamelilla.com\/?p=479"},"modified":"2025-11-11T17:28:37","modified_gmt":"2025-11-11T17:28:37","slug":"nizar-zaira-y-juanma-en-el-cross-de-italica","status":"publish","type":"post","link":"https:\/\/atletismoplayamelilla.com\/?p=479","title":{"rendered":"NIZAR, ZAIRA Y JUANMA en el Cross de It\u00e1lica"},"content":{"rendered":"\n<p>La 43 edici\u00f3n del Cross de It\u00e1lica que reuni\u00f3 m\u00e1s de 5000 corredores cont\u00f3 con la participaci\u00f3n de tres atletas del club Playa de Melilla. Juan Manuel Bernal Serrano en la categor\u00eda sub 10 se clasificaba en el puesto 24 con un tiempo de 3&#8217;10\u00bb y 660 m en una carrera en la que 129 atletas cruzaron la meta. En la categor\u00eda sub 12 tomaba parte Nizar Benali Mohamed que cruzaba la meta en el puesto 23 cubriendo los 1100 m de su carrera en 3&#8217;51\u00bb entre entre los m\u00e1s de 200 participantes. La tercera corredora melillense Zaira Mohamed el Messaoud lo hizo en la categor\u00eda sub 14 cruzando la meta en el puesto 59 con un tiempo de 8&#8242; 26\u00bb y 2000 m de carrera y 230 participantes<\/p>\n\n\n\n<p>Muy buenos resultados para los atletas del club Playa de Melilla que pudieron medirse a la \u00e9lite nacional en sus categor\u00edas ya que&nbsp;<\/p>\n\n\n\n<p>en esta edici\u00f3n coincid\u00edan\u00a0el Campeonato\u00a0de Andaluc\u00eda\u00a0y el Campeonato de Espa\u00f1a de Clubs.<\/p>\n\n\n\n<figure class=\"wp-block-image size-large\"><img loading=\"lazy\" decoding=\"async\" width=\"1024\" height=\"768\" src=\"https:\/\/atletismoplayamelilla.com\/wp-content\/uploads\/2025\/11\/italica-1024x768.jpg\" alt=\"\" class=\"wp-image-480\" srcset=\"https:\/\/atletismoplayamelilla.com\/wp-content\/uploads\/2025\/11\/italica-1024x768.jpg 1024w, https:\/\/atletismoplayamelilla.com\/wp-content\/uploads\/2025\/11\/italica-300x225.jpg 300w, https:\/\/atletismoplayamelilla.com\/wp-content\/uploads\/2025\/11\/italica-768x576.jpg 768w, https:\/\/atletismoplayamelilla.com\/wp-content\/uploads\/2025\/11\/italica-1536x1152.jpg 1536w, https:\/\/atletismoplayamelilla.com\/wp-content\/uploads\/2025\/11\/italica.jpg 1600w\" sizes=\"auto, (max-width: 1024px) 100vw, 1024px\" \/><\/figure>\n","protected":false},"excerpt":{"rendered":"<p>La 43 edici\u00f3n del Cross de It\u00e1lica que reuni\u00f3 m\u00e1s<\/p>\n","protected":false},"author":1,"featured_media":0,"comment_status":"closed","ping_status":"closed","sticky":false,"template":"","format":"standard","meta":{"footnotes":""},"categories":[1],"tags":[],"class_list":["post-479","post","type-post","status-publish","format-standard","hentry","category-uncategorized"],"_links":{"self":[{"href":"https:\/\/atletismoplayamelilla.com\/index.php?rest_route=\/wp\/v2\/posts\/479","targetHints":{"allow":["GET"]}}],"collection":[{"href":"https:\/\/atletismoplayamelilla.com\/index.php?rest_route=\/wp\/v2\/posts"}],"about":[{"href":"https:\/\/atletismoplayamelilla.com\/index.php?rest_route=\/wp\/v2\/types\/post"}],"author":[{"embeddable":true,"href":"https:\/\/atletismoplayamelilla.com\/index.php?rest_route=\/wp\/v2\/users\/1"}],"replies":[{"embeddable":true,"href":"https:\/\/atletismoplayamelilla.com\/index.php?rest_route=%2Fwp%2Fv2%2Fcomments&post=479"}],"version-history":[{"count":2,"href":"https:\/\/atletismoplayamelilla.com\/index.php?rest_route=\/wp\/v2\/posts\/479\/revisions"}],"predecessor-version":[{"id":482,"href":"https:\/\/atletismoplayamelilla.com\/index.php?rest_route=\/wp\/v2\/posts\/479\/revisions\/482"}],"wp:attachment":[{"href":"https:\/\/atletismoplayamelilla.com\/index.php?rest_route=%2Fwp%2Fv2%2Fmedia&parent=479"}],"wp:term":[{"taxonomy":"category","embeddable":true,"href":"https:\/\/atletismoplayamelilla.com\/index.php?rest_route=%2Fwp%2Fv2%2Fcategories&post=479"},{"taxonomy":"post_tag","embeddable":true,"href":"https:\/\/atletismoplayamelilla.com\/index.php?rest_route=%2Fwp%2Fv2%2Ftags&post=479"}],"curies":[{"name":"wp","href":"https:\/\/api.w.org\/{rel}","templated":true}]}}